{"id":477,"date":"2022-11-21T12:54:15","date_gmt":"2022-11-21T11:54:15","guid":{"rendered":"http:\/\/fondation-amani.ch\/communaute-de-larche-a-gdynia-pologne\/"},"modified":"2025-12-01T11:17:31","modified_gmt":"2025-12-01T10:17:31","slug":"communaute-de-larche-a-gdynia-pologne","status":"publish","type":"post","link":"https:\/\/fondation-amani.ch\/fr\/communaute-de-larche-a-gdynia-pologne\/","title":{"rendered":"Communaut\u00e9 de L&rsquo;Arche \u00e0 Gdynia, Pologne"},"content":{"rendered":"<div class=\"wpb-content-wrapper\"><p>[vc_row css_animation=\u00a0\u00bb\u00a0\u00bb row_type=\u00a0\u00bbrow\u00a0\u00bb use_row_as_full_screen_section=\u00a0\u00bbno\u00a0\u00bb type=\u00a0\u00bbfull_width\u00a0\u00bb angled_section=\u00a0\u00bbno\u00a0\u00bb text_align=\u00a0\u00bbleft\u00a0\u00bb background_image_as_pattern=\u00a0\u00bbwithout_pattern\u00a0\u00bb css=\u00a0\u00bb.vc_custom_1670844519773{padding-top: 50px !important;padding-bottom: 50px !important;}\u00a0\u00bb z_index=\u00a0\u00bb\u00a0\u00bb][vc_column][vc_column_text css=\u00a0\u00bb\u00a0\u00bb]<\/p>\n<h2>B\u00e9n\u00e9ficiaire<\/h2>\n<p>Fondation <a href=\"https:\/\/www.larche.org.pl\/gdynia\/\" target=\"_blank\" rel=\"noopener\">L&rsquo;Arche<\/a>, une communaut\u00e9 \u00e0 Gdynia.<\/p>\n<h2>Objectif<\/h2>\n<p>Financer les besoins actuels.<\/p>\n<h2>Description<\/h2>\n<p>La Fondation de <a href=\"https:\/\/www.larche.org.pl\/gdynia\/\" target=\"_blank\" rel=\"noopener\">L&rsquo;Arche<\/a> est sp\u00e9cialis\u00e9e dans les projets qui s&rsquo;articulent autour des soins et du bien-\u00eatre des personnes pr\u00e9sentant un handicap mental. Les petits foyers de soins r\u00e9sidentiels sont une forme traditionnelle d&rsquo;assistance o\u00f9 les personnes handicap\u00e9es peuvent recevoir un soutien 24 heures sur 24 gr\u00e2ce \u00e0 leurs aides-soignants. Actuellement, <a href=\"https:\/\/www.larche.org.pl\/gdynia\/\" target=\"_blank\" rel=\"noopener\">L&rsquo;Arche<\/a> en Pologne g\u00e8re sept centres de vie assist\u00e9e, dont un \u00e0 Gdynia qui accueille sept personnes handicap\u00e9es et leurs accompagnateurs.<\/p>\n<p>Un financement a \u00e9t\u00e9 demand\u00e9 pour pouvoir couvrir les frais des th\u00e9rapies et du soutien dont ces personnes handicap\u00e9es ont besoin dans le centre de soins de Gdynia.<\/p>\n<h2>Dur\u00e9e<\/h2>\n<p>Subvention annuelle en 2022 et 2023.[\/vc_column_text][vc_empty_space height=\u00a0\u00bb50px\u00a0\u00bb][vc_gallery type=\u00a0\u00bbimage_grid\u00a0\u00bb images=\u00a0\u00bb288,289,290,291,292,293,294&Prime; img_size=\u00a0\u00bb400&#215;260&Prime; column_number=\u00a0\u00bb4&Prime; grayscale=\u00a0\u00bbno\u00a0\u00bb images_space=\u00a0\u00bbgallery_with_space\u00a0\u00bb][\/vc_column][\/vc_row]<\/p>\n<\/div>","protected":false},"excerpt":{"rendered":"<p>[vc_row css_animation=\u00a0\u00bb\u00a0\u00bb row_type=\u00a0\u00bbrow\u00a0\u00bb use_row_as_full_screen_section=\u00a0\u00bbno\u00a0\u00bb type=\u00a0\u00bbfull_width\u00a0\u00bb angled_section=\u00a0\u00bbno\u00a0\u00bb text_align=\u00a0\u00bbleft\u00a0\u00bb background_image_as_pattern=\u00a0\u00bbwithout_pattern\u00a0\u00bb css=\u00a0\u00bb.vc_custom_1670844519773{padding-top: 50px !important;padding-bottom: 50px !important;}\u00a0\u00bb z_index=\u00a0\u00bb\u00a0\u00bb][vc_column][vc_column_text css=\u00a0\u00bb\u00a0\u00bb] B\u00e9n\u00e9ficiaire Fondation L&rsquo;Arche, une communaut\u00e9 \u00e0 Gdynia. Objectif Financer les besoins actuels. Description La Fondation de L&rsquo;Arche est sp\u00e9cialis\u00e9e dans les projets qui s&rsquo;articulent autour des soins et du bien-\u00eatre&#8230;<\/p>\n","protected":false},"author":1,"featured_media":462,"comment_status":"closed","ping_status":"open","sticky":false,"template":"","format":"standard","meta":{"footnotes":""},"categories":[6],"tags":[],"class_list":["post-477","post","type-post","status-publish","format-standard","has-post-thumbnail","hentry","category-projets"],"_links":{"self":[{"href":"https:\/\/fondation-amani.ch\/fr\/wp-json\/wp\/v2\/posts\/477","targetHints":{"allow":["GET"]}}],"collection":[{"href":"https:\/\/fondation-amani.ch\/fr\/wp-json\/wp\/v2\/posts"}],"about":[{"href":"https:\/\/fondation-amani.ch\/fr\/wp-json\/wp\/v2\/types\/post"}],"author":[{"embeddable":true,"href":"https:\/\/fondation-amani.ch\/fr\/wp-json\/wp\/v2\/users\/1"}],"replies":[{"embeddable":true,"href":"https:\/\/fondation-amani.ch\/fr\/wp-json\/wp\/v2\/comments?post=477"}],"version-history":[{"count":5,"href":"https:\/\/fondation-amani.ch\/fr\/wp-json\/wp\/v2\/posts\/477\/revisions"}],"predecessor-version":[{"id":752,"href":"https:\/\/fondation-amani.ch\/fr\/wp-json\/wp\/v2\/posts\/477\/revisions\/752"}],"wp:featuredmedia":[{"embeddable":true,"href":"https:\/\/fondation-amani.ch\/fr\/wp-json\/wp\/v2\/media\/462"}],"wp:attachment":[{"href":"https:\/\/fondation-amani.ch\/fr\/wp-json\/wp\/v2\/media?parent=477"}],"wp:term":[{"taxonomy":"category","embeddable":true,"href":"https:\/\/fondation-amani.ch\/fr\/wp-json\/wp\/v2\/categories?post=477"},{"taxonomy":"post_tag","embeddable":true,"href":"https:\/\/fondation-amani.ch\/fr\/wp-json\/wp\/v2\/tags?post=477"}],"curies":[{"name":"wp","href":"https:\/\/api.w.org\/{rel}","templated":true}]}}