{"id":484,"date":"2022-11-07T13:01:11","date_gmt":"2022-11-07T12:01:11","guid":{"rendered":"http:\/\/fondation-amani.ch\/ecole-primaire-de-ruhango\/"},"modified":"2025-12-01T11:17:54","modified_gmt":"2025-12-01T10:17:54","slug":"ecole-primaire-de-ruhango-rwanda","status":"publish","type":"post","link":"https:\/\/fondation-amani.ch\/fr\/ecole-primaire-de-ruhango-rwanda\/","title":{"rendered":"Ecole primaire de Ruhango, Rwanda"},"content":{"rendered":"<div class=\"wpb-content-wrapper\"><p>[vc_row css_animation=\u00a0\u00bb\u00a0\u00bb row_type=\u00a0\u00bbrow\u00a0\u00bb use_row_as_full_screen_section=\u00a0\u00bbno\u00a0\u00bb type=\u00a0\u00bbfull_width\u00a0\u00bb angled_section=\u00a0\u00bbno\u00a0\u00bb text_align=\u00a0\u00bbleft\u00a0\u00bb background_image_as_pattern=\u00a0\u00bbwithout_pattern\u00a0\u00bb css=\u00a0\u00bb.vc_custom_1669198207422{padding-top: 50px !important;padding-bottom: 50px !important;}\u00a0\u00bb z_index=\u00a0\u00bb\u00a0\u00bb][vc_column][vc_column_text]<\/p>\r\n<h2>B\u00e9n\u00e9ficiaire<\/h2>\r\n<p>Congr\u00e9gation des S\u0153urs Pallottines au Rwanda.<\/p>\r\n<h2>Objectif<\/h2>\r\n<p>[\/vc_column_text][vc_empty_space height=\u00a0\u00bb25px\u00a0\u00bb]<div class=\"q_icon_list\"><i class=\"qode_icon_font_awesome fa fa-check qode-ili-icon-holder circle\" style=\"\" ><\/i><p style=\"color:#303030;margin-bottom: 10px;\">Fournir aux enfants un bon enseignement primaire dispens\u00e9 par un personnel enseignant hautement qualifi\u00e9.<\/p><\/div><div class=\"q_icon_list\"><i class=\"qode_icon_font_awesome fa fa-check qode-ili-icon-holder circle\" style=\"\" ><\/i><p style=\"color:#303030;margin-bottom: 10px;\">\u00c9liminer le probl\u00e8me des enfants qui abandonnent l&#039;\u00e9cole primaire.<\/p><\/div><div class=\"q_icon_list\"><i class=\"qode_icon_font_awesome fa fa-check qode-ili-icon-holder circle\" style=\"\" ><\/i><p style=\"color:#303030;margin-bottom: 10px;\">Assurer l&#039;acc\u00e8s \u00e0 l&#039;\u00e9ducation des enfants issus de familles pauvres ou touch\u00e9es par le VIH\/sida.<\/p><\/div>[vc_empty_space height=\u00a0\u00bb25px\u00a0\u00bb][vc_column_text css=\u00a0\u00bb\u00a0\u00bb]<\/p>\r\n<h2>Description<\/h2>\r\n<p>Le projet consiste en la construction d&rsquo;un b\u00e2timent scolaire comprenant six salles de classe, des installations sanitaires, une cl\u00f4ture autour de l&rsquo;\u00e9cole, un b\u00e2timent administratif, une cuisine et l&rsquo;achat des \u00e9quipements n\u00e9cessaires \u00e0 l&rsquo;\u00e9cole tels que : mobilier scolaire, mat\u00e9riel didactique, ordinateurs et \u00e9quipement de la cuisine.<\/p>\r\n<p>Nous pr\u00e9voyons que 240 enfants fr\u00e9quenteront cette \u00e9cole.<\/p>\r\n<p>La gestion et la supervision du projet sont assur\u00e9es par l&rsquo;Association de Solidarit\u00e9 avec les Pauvres du Tiers-Monde <a href=\"https:\/\/www.maitri.pl\/\" target=\"_blank\" rel=\"noopener\">\u00ab\u00a0Maitri\u00a0\u00bb<\/a>.<\/p>\r\n<h2>Dur\u00e9e<\/h2>\r\n<p>mai 2021-octobre 2022<\/p>\r\n<p>[\/vc_column_text][vc_empty_space height=\u00a0\u00bb50px\u00a0\u00bb][vc_row_inner row_type=\u00a0\u00bbrow\u00a0\u00bb type=\u00a0\u00bbfull_width\u00a0\u00bb text_align=\u00a0\u00bbleft\u00a0\u00bb css_animation=\u00a0\u00bb\u00a0\u00bb][vc_column_inner width=\u00a0\u00bb1\/2&Prime;][vc_video link=\u00a0\u00bbhttps:\/\/youtu.be\/OS2zUYdioqg\u00a0\u00bb align=\u00a0\u00bbcenter\u00a0\u00bb][vc_empty_space height=\u00a0\u00bb50px\u00a0\u00bb][\/vc_column_inner][vc_column_inner width=\u00a0\u00bb1\/2&Prime;][vc_video link=\u00a0\u00bbhttps:\/\/www.youtube.com\/watch?v=4codfzAoctg\u00a0\u00bb align=\u00a0\u00bbcenter\u00a0\u00bb][\/vc_column_inner][\/vc_row_inner][vc_empty_space height=\u00a0\u00bb50px\u00a0\u00bb][vc_column_text]<\/p>\r\n<h2 style=\"text-align: left;\">Galerie<\/h2>\r\n<p>(Photos de <a href=\"https:\/\/lukaszsokol.com\/\" target=\"_blank\" rel=\"noopener\">\u0141ukasz Sok\u00f3\u0142)<\/a><\/p>\r\n<p>[\/vc_column_text][vc_empty_space height=\u00a0\u00bb25px\u00a0\u00bb][vc_gallery type=\u00a0\u00bbimage_grid\u00a0\u00bb images=\u00a0\u00bb239,241,240,243,245,246,247,248,249,250,251,252,253,254,255,256,257,258,259,267,270,274&Prime; img_size=\u00a0\u00bb400&#215;260&Prime; column_number=\u00a0\u00bb4&Prime; grayscale=\u00a0\u00bbno\u00a0\u00bb images_space=\u00a0\u00bbgallery_with_space\u00a0\u00bb][\/vc_column][\/vc_row]<\/p><\/div>","protected":false},"excerpt":{"rendered":"<p>[vc_row css_animation=\u00a0\u00bb\u00a0\u00bb row_type=\u00a0\u00bbrow\u00a0\u00bb use_row_as_full_screen_section=\u00a0\u00bbno\u00a0\u00bb type=\u00a0\u00bbfull_width\u00a0\u00bb angled_section=\u00a0\u00bbno\u00a0\u00bb text_align=\u00a0\u00bbleft\u00a0\u00bb background_image_as_pattern=\u00a0\u00bbwithout_pattern\u00a0\u00bb css=\u00a0\u00bb.vc_custom_1669198207422{padding-top: 50px !important;padding-bottom: 50px !important;}\u00a0\u00bb z_index=\u00a0\u00bb\u00a0\u00bb][vc_column][vc_column_text] B\u00e9n\u00e9ficiaire Congr\u00e9gation des S\u0153urs Pallottines au Rwanda. Objectif [\/vc_column_text][vc_empty_space height=\u00a0\u00bb25px\u00a0\u00bb][vc_empty_space height=\u00a0\u00bb25px\u00a0\u00bb][vc_column_text css=\u00a0\u00bb\u00a0\u00bb] Description Le projet consiste en la construction d&rsquo;un b\u00e2timent scolaire comprenant six salles de classe, des installations sanitaires, une&#8230;<\/p>\n","protected":false},"author":1,"featured_media":449,"comment_status":"closed","ping_status":"open","sticky":false,"template":"","format":"standard","meta":{"footnotes":""},"categories":[6],"tags":[],"class_list":["post-484","post","type-post","status-publish","format-standard","has-post-thumbnail","hentry","category-projets"],"_links":{"self":[{"href":"https:\/\/fondation-amani.ch\/fr\/wp-json\/wp\/v2\/posts\/484","targetHints":{"allow":["GET"]}}],"collection":[{"href":"https:\/\/fondation-amani.ch\/fr\/wp-json\/wp\/v2\/posts"}],"about":[{"href":"https:\/\/fondation-amani.ch\/fr\/wp-json\/wp\/v2\/types\/post"}],"author":[{"embeddable":true,"href":"https:\/\/fondation-amani.ch\/fr\/wp-json\/wp\/v2\/users\/1"}],"replies":[{"embeddable":true,"href":"https:\/\/fondation-amani.ch\/fr\/wp-json\/wp\/v2\/comments?post=484"}],"version-history":[{"count":7,"href":"https:\/\/fondation-amani.ch\/fr\/wp-json\/wp\/v2\/posts\/484\/revisions"}],"predecessor-version":[{"id":748,"href":"https:\/\/fondation-amani.ch\/fr\/wp-json\/wp\/v2\/posts\/484\/revisions\/748"}],"wp:featuredmedia":[{"embeddable":true,"href":"https:\/\/fondation-amani.ch\/fr\/wp-json\/wp\/v2\/media\/449"}],"wp:attachment":[{"href":"https:\/\/fondation-amani.ch\/fr\/wp-json\/wp\/v2\/media?parent=484"}],"wp:term":[{"taxonomy":"category","embeddable":true,"href":"https:\/\/fondation-amani.ch\/fr\/wp-json\/wp\/v2\/categories?post=484"},{"taxonomy":"post_tag","embeddable":true,"href":"https:\/\/fondation-amani.ch\/fr\/wp-json\/wp\/v2\/tags?post=484"}],"curies":[{"name":"wp","href":"https:\/\/api.w.org\/{rel}","templated":true}]}}