{"id":596,"date":"2023-07-11T10:29:29","date_gmt":"2023-07-11T08:29:29","guid":{"rendered":"https:\/\/fondation-amani.ch\/communaute-de-larche-a-sledziejowice-pologne\/"},"modified":"2025-12-01T11:16:19","modified_gmt":"2025-12-01T10:16:19","slug":"communaute-de-larche-a-sledziejowice-pologne","status":"publish","type":"post","link":"https:\/\/fondation-amani.ch\/fr\/communaute-de-larche-a-sledziejowice-pologne\/","title":{"rendered":"Communaut\u00e9 de L&rsquo;Arche \u00e0 \u015aledziejowice, Pologne"},"content":{"rendered":"<div class=\"wpb-content-wrapper\"><p>[vc_row css_animation=\u00a0\u00bb\u00a0\u00bb row_type=\u00a0\u00bbrow\u00a0\u00bb use_row_as_full_screen_section=\u00a0\u00bbno\u00a0\u00bb type=\u00a0\u00bbfull_width\u00a0\u00bb angled_section=\u00a0\u00bbno\u00a0\u00bb text_align=\u00a0\u00bbleft\u00a0\u00bb background_image_as_pattern=\u00a0\u00bbwithout_pattern\u00a0\u00bb css=\u00a0\u00bb.vc_custom_1670844519773{padding-top: 50px !important;padding-bottom: 50px !important;}\u00a0\u00bb z_index=\u00a0\u00bb\u00a0\u00bb][vc_column][vc_column_text css=\u00a0\u00bb\u00a0\u00bb]<\/p>\n<h2>B\u00e9n\u00e9ficiaire<\/h2>\n<p>Fondation <a href=\"https:\/\/www.larche.org.pl\/sledziejowice\/\" target=\"_blank\" rel=\"noopener\">L&rsquo;Arche<\/a>, communaut\u00e9 de \u015aledziejowice.<\/p>\n<h2>Objectif<\/h2>\n<p>Financer la construction d\u2019une nouvelle maison de soins.<\/p>\n<h2>Description<\/h2>\n<p>La Fondation <a href=\"https:\/\/www.larche.org.pl\/sledziejowice\/\" target=\"_blank\" rel=\"noopener\">L&rsquo;Arche<\/a> est sp\u00e9cialis\u00e9e dans les projets ax\u00e9s sur la prise en charge et le bien-\u00eatre des personnes handicap\u00e9es mentales. Les petites maisons r\u00e9sidentielles de soins sont une forme traditionnelle de soutien o\u00f9 les personnes handicap\u00e9es peuvent recevoir un soutien 24 heures sur 24 gr\u00e2ce \u00e0 leurs aides-soignants \u00e0 demeure. Actuellement, <a href=\"https:\/\/www.larche.org.pl\/sledziejowice\/\" target=\"_blank\" rel=\"noopener\">L&rsquo;Arche<\/a> en Pologne g\u00e8re sept centres de vie assist\u00e9e, dont un \u00e0 \u015aledziejowice.<\/p>\n<p>La premi\u00e8re maison pour personnes handicap\u00e9es mentales en Pologne a \u00e9t\u00e9 construite \u00e0 \u015aledziejowice, pr\u00e8s de Cracovie, en 1981. 42 ans se sont maintenant \u00e9coul\u00e9s depuis la construction de la premi\u00e8re maison, et les r\u00e9sidents qui ont trouv\u00e9 leur place \u00e0 \u015aledziejowice dans les ann\u00e9es 1980 sont d\u00e9j\u00e0 \u00e2g\u00e9s, certains se d\u00e9placent en fauteuil roulant, d&rsquo;autres ont besoin de beaucoup de soutien dans la vie quotidienne. Malheureusement, il n&rsquo;est pas techniquement possible de supprimer efficacement les barri\u00e8res architecturales dans ce vieux b\u00e2timent. La Fondation de L&rsquo;Arche a donc d\u00e9cid\u00e9 de construire une nouvelle maison qui serait enti\u00e8rement accessible et conviviale pour tous ses r\u00e9sidents. Il s&rsquo;agit d&rsquo;une maison \u00e0 un \u00e9tage qui r\u00e9pond aux exigences de la r\u00e9glementation sur les foyers sociaux. Le b\u00e2timent comprendra deux segments r\u00e9sidentiels avec un total de 12 petits appartements ind\u00e9pendants et une chapelle. Chaque segment dispose d&rsquo;une entr\u00e9e s\u00e9par\u00e9e et d&rsquo;un espace commun : cuisine, salle \u00e0 manger et salon avec une grande terrasse, ainsi que d\u2019espaces de rangement et des \u00e9quipements techniques. Tous les r\u00e9sidents disposeront de chambres ind\u00e9pendantes avec leur propre salle de bains ainsi qu&rsquo;une kitchenette et des \u00e9quipements adapt\u00e9s aux besoins individuels. La maison sera situ\u00e9e \u00e0 proximit\u00e9 de l&rsquo;atelier d&rsquo;ergoth\u00e9rapie, ce qui permettra aux r\u00e9sidents de b\u00e9n\u00e9ficier facilement de diverses formes de th\u00e9rapie. Les frais de la construction sont estim\u00e9s \u00e0 9,5 millions de PLN pour la maison.<\/p>\n<h2>Dur\u00e9e<\/h2>\n<p>Don unique.[\/vc_column_text][vc_empty_space height=\u00a0\u00bb50px\u00a0\u00bb][vc_gallery type=\u00a0\u00bbimage_grid\u00a0\u00bb images=\u00a0\u00bb589,591,593,575,577,579,581,583,585,587&Prime; img_size=\u00a0\u00bb400&#215;260&Prime; column_number=\u00a0\u00bb4&Prime; grayscale=\u00a0\u00bbno\u00a0\u00bb images_space=\u00a0\u00bbgallery_with_space\u00a0\u00bb][\/vc_column][\/vc_row]<\/p>\n<\/div>","protected":false},"excerpt":{"rendered":"<p>[vc_row css_animation=\u00a0\u00bb\u00a0\u00bb row_type=\u00a0\u00bbrow\u00a0\u00bb use_row_as_full_screen_section=\u00a0\u00bbno\u00a0\u00bb type=\u00a0\u00bbfull_width\u00a0\u00bb angled_section=\u00a0\u00bbno\u00a0\u00bb text_align=\u00a0\u00bbleft\u00a0\u00bb background_image_as_pattern=\u00a0\u00bbwithout_pattern\u00a0\u00bb css=\u00a0\u00bb.vc_custom_1670844519773{padding-top: 50px !important;padding-bottom: 50px !important;}\u00a0\u00bb z_index=\u00a0\u00bb\u00a0\u00bb][vc_column][vc_column_text css=\u00a0\u00bb\u00a0\u00bb] B\u00e9n\u00e9ficiaire Fondation L&rsquo;Arche, communaut\u00e9 de \u015aledziejowice. Objectif Financer la construction d\u2019une nouvelle maison de soins. Description La Fondation L&rsquo;Arche est sp\u00e9cialis\u00e9e dans les projets ax\u00e9s sur la prise en charge&#8230;<\/p>\n","protected":false},"author":1,"featured_media":586,"comment_status":"closed","ping_status":"open","sticky":false,"template":"","format":"standard","meta":{"footnotes":""},"categories":[6],"tags":[],"class_list":["post-596","post","type-post","status-publish","format-standard","has-post-thumbnail","hentry","category-projets"],"_links":{"self":[{"href":"https:\/\/fondation-amani.ch\/fr\/wp-json\/wp\/v2\/posts\/596","targetHints":{"allow":["GET"]}}],"collection":[{"href":"https:\/\/fondation-amani.ch\/fr\/wp-json\/wp\/v2\/posts"}],"about":[{"href":"https:\/\/fondation-amani.ch\/fr\/wp-json\/wp\/v2\/types\/post"}],"author":[{"embeddable":true,"href":"https:\/\/fondation-amani.ch\/fr\/wp-json\/wp\/v2\/users\/1"}],"replies":[{"embeddable":true,"href":"https:\/\/fondation-amani.ch\/fr\/wp-json\/wp\/v2\/comments?post=596"}],"version-history":[{"count":4,"href":"https:\/\/fondation-amani.ch\/fr\/wp-json\/wp\/v2\/posts\/596\/revisions"}],"predecessor-version":[{"id":755,"href":"https:\/\/fondation-amani.ch\/fr\/wp-json\/wp\/v2\/posts\/596\/revisions\/755"}],"wp:featuredmedia":[{"embeddable":true,"href":"https:\/\/fondation-amani.ch\/fr\/wp-json\/wp\/v2\/media\/586"}],"wp:attachment":[{"href":"https:\/\/fondation-amani.ch\/fr\/wp-json\/wp\/v2\/media?parent=596"}],"wp:term":[{"taxonomy":"category","embeddable":true,"href":"https:\/\/fondation-amani.ch\/fr\/wp-json\/wp\/v2\/categories?post=596"},{"taxonomy":"post_tag","embeddable":true,"href":"https:\/\/fondation-amani.ch\/fr\/wp-json\/wp\/v2\/tags?post=596"}],"curies":[{"name":"wp","href":"https:\/\/api.w.org\/{rel}","templated":true}]}}