{"id":699,"date":"2024-02-13T20:52:27","date_gmt":"2024-02-13T19:52:27","guid":{"rendered":"https:\/\/fondation-amani.ch\/avoir-un-coeur-adoption-maitri\/"},"modified":"2025-12-01T11:15:34","modified_gmt":"2025-12-01T10:15:34","slug":"adoption-de-coeur-maitri","status":"publish","type":"post","link":"https:\/\/fondation-amani.ch\/fr\/adoption-de-coeur-maitri\/","title":{"rendered":"Adoption de Coeur Maitri"},"content":{"rendered":"<div class=\"wpb-content-wrapper\"><p>[vc_row css_animation=\u00a0\u00bb\u00a0\u00bb row_type=\u00a0\u00bbrow\u00a0\u00bb use_row_as_full_screen_section=\u00a0\u00bbno\u00a0\u00bb type=\u00a0\u00bbfull_width\u00a0\u00bb angled_section=\u00a0\u00bbno\u00a0\u00bb text_align=\u00a0\u00bbleft\u00a0\u00bb background_image_as_pattern=\u00a0\u00bbwithout_pattern\u00a0\u00bb css=\u00a0\u00bb.vc_custom_1670844519773{padding-top: 50px !important;padding-bottom: 50px !important;}\u00a0\u00bb z_index=\u00a0\u00bb\u00a0\u00bb][vc_column][vc_column_text css=\u00a0\u00bb\u00a0\u00bb]<\/p>\n<h2>B\u00e9n\u00e9ficiaire<\/h2>\n<p>Enfants issus de familles d\u00e9munies en Afrique &#8211; via le programme d&rsquo;Adoption de Coeur.<\/p>\n<h2>Objectif<\/h2>\n<p>L&rsquo;Association Maitri Movement, une organisation \u00e0 but non lucratif cr\u00e9\u00e9e en 2011, fournit une \u00e9ducation et une assistance mat\u00e9rielle aux enfants issus de familles d\u00e9munies en Afrique et en Asie. Le programme d&rsquo;adoption \u00e0 distance a soutenu pr\u00e8s de 4000 enfants des \u00e9coles primaires et secondaires, chaque enfant ayant un parrain individuel. Le programme finance \u00e9galement l&rsquo;achat de nourriture, de m\u00e9dicaments et le d\u00e9veloppement des infrastructures, l&rsquo;aide \u00e9tant distribu\u00e9e par le biais de missions catholiques dans plusieurs pays.<\/p>\n<h2>Description<\/h2>\n<p>L&rsquo;adoption de Coeur est une initiative caritative qui permet le parrainage \u00e0 distance d&rsquo;enfants issus de familles d\u00e9munies en Afrique et en Asie. Les enfants parrain\u00e9s b\u00e9n\u00e9ficient d&rsquo;un acc\u00e8s \u00e0 l&rsquo;\u00e9ducation, \u00e0 des moyens de subsistance et au d\u00e9veloppement spirituel. Le programme est op\u00e9rationnel depuis 1996 et soutient actuellement 3736 individus dans 11 pays. La participation de la Fondation Amani \u00e0 ce programme fournira un soutien au d\u00e9veloppement \u00e0 20 lyc\u00e9ens.<\/p>\n<h2>Dur\u00e9e<\/h2>\n<p>2023-2028[\/vc_column_text][vc_empty_space height=\u00a0\u00bb50px\u00a0\u00bb][vc_gallery type=\u00a0\u00bbimage_grid\u00a0\u00bb images=\u00a0\u00bb663,665,667,669,671,673&Prime; img_size=\u00a0\u00bb400&#215;260&Prime; column_number=\u00a0\u00bb4&Prime; grayscale=\u00a0\u00bbno\u00a0\u00bb images_space=\u00a0\u00bbgallery_with_space\u00a0\u00bb][\/vc_column][\/vc_row]<\/p>\n<\/div>","protected":false},"excerpt":{"rendered":"<p>[vc_row css_animation=\u00a0\u00bb\u00a0\u00bb row_type=\u00a0\u00bbrow\u00a0\u00bb use_row_as_full_screen_section=\u00a0\u00bbno\u00a0\u00bb type=\u00a0\u00bbfull_width\u00a0\u00bb angled_section=\u00a0\u00bbno\u00a0\u00bb text_align=\u00a0\u00bbleft\u00a0\u00bb background_image_as_pattern=\u00a0\u00bbwithout_pattern\u00a0\u00bb css=\u00a0\u00bb.vc_custom_1670844519773{padding-top: 50px !important;padding-bottom: 50px !important;}\u00a0\u00bb z_index=\u00a0\u00bb\u00a0\u00bb][vc_column][vc_column_text css=\u00a0\u00bb\u00a0\u00bb] B\u00e9n\u00e9ficiaire Enfants issus de familles d\u00e9munies en Afrique &#8211; via le programme d&rsquo;Adoption de Coeur. Objectif L&rsquo;Association Maitri Movement, une organisation \u00e0 but non lucratif cr\u00e9\u00e9e en 2011, fournit une&#8230;<\/p>\n","protected":false},"author":1,"featured_media":664,"comment_status":"closed","ping_status":"open","sticky":false,"template":"","format":"standard","meta":{"footnotes":""},"categories":[6],"tags":[],"class_list":["post-699","post","type-post","status-publish","format-standard","has-post-thumbnail","hentry","category-projets"],"_links":{"self":[{"href":"https:\/\/fondation-amani.ch\/fr\/wp-json\/wp\/v2\/posts\/699","targetHints":{"allow":["GET"]}}],"collection":[{"href":"https:\/\/fondation-amani.ch\/fr\/wp-json\/wp\/v2\/posts"}],"about":[{"href":"https:\/\/fondation-amani.ch\/fr\/wp-json\/wp\/v2\/types\/post"}],"author":[{"embeddable":true,"href":"https:\/\/fondation-amani.ch\/fr\/wp-json\/wp\/v2\/users\/1"}],"replies":[{"embeddable":true,"href":"https:\/\/fondation-amani.ch\/fr\/wp-json\/wp\/v2\/comments?post=699"}],"version-history":[{"count":3,"href":"https:\/\/fondation-amani.ch\/fr\/wp-json\/wp\/v2\/posts\/699\/revisions"}],"predecessor-version":[{"id":763,"href":"https:\/\/fondation-amani.ch\/fr\/wp-json\/wp\/v2\/posts\/699\/revisions\/763"}],"wp:featuredmedia":[{"embeddable":true,"href":"https:\/\/fondation-amani.ch\/fr\/wp-json\/wp\/v2\/media\/664"}],"wp:attachment":[{"href":"https:\/\/fondation-amani.ch\/fr\/wp-json\/wp\/v2\/media?parent=699"}],"wp:term":[{"taxonomy":"category","embeddable":true,"href":"https:\/\/fondation-amani.ch\/fr\/wp-json\/wp\/v2\/categories?post=699"},{"taxonomy":"post_tag","embeddable":true,"href":"https:\/\/fondation-amani.ch\/fr\/wp-json\/wp\/v2\/tags?post=699"}],"curies":[{"name":"wp","href":"https:\/\/api.w.org\/{rel}","templated":true}]}}