{"id":701,"date":"2024-02-13T20:54:57","date_gmt":"2024-02-13T19:54:57","guid":{"rendered":"https:\/\/fondation-amani.ch\/centre-de-formation-professionnelle-de-st-vincent-pallotti-a-masaka-rwanda\/"},"modified":"2025-12-01T11:15:27","modified_gmt":"2025-12-01T10:15:27","slug":"centre-de-formation-professionnelle-st-vincent-pallotti-a-masaka-rwanda","status":"publish","type":"post","link":"https:\/\/fondation-amani.ch\/fr\/centre-de-formation-professionnelle-st-vincent-pallotti-a-masaka-rwanda\/","title":{"rendered":"Centre de Formation Professionnelle St. Vincent Pallotti \u00e0 Masaka, Rwanda"},"content":{"rendered":"<div class=\"wpb-content-wrapper\"><p>[vc_row css_animation=\u00a0\u00bb\u00a0\u00bb row_type=\u00a0\u00bbrow\u00a0\u00bb use_row_as_full_screen_section=\u00a0\u00bbno\u00a0\u00bb type=\u00a0\u00bbfull_width\u00a0\u00bb angled_section=\u00a0\u00bbno\u00a0\u00bb text_align=\u00a0\u00bbleft\u00a0\u00bb background_image_as_pattern=\u00a0\u00bbwithout_pattern\u00a0\u00bb css=\u00a0\u00bb.vc_custom_1670844519773{padding-top: 50px !important;padding-bottom: 50px !important;}\u00a0\u00bb z_index=\u00a0\u00bb\u00a0\u00bb][vc_column][vc_column_text css=\u00a0\u00bb\u00a0\u00bb]<\/p>\n<h2>B\u00e9n\u00e9ficiaire<\/h2>\n<p>La Congr\u00e9gation des S\u0153urs Pallottines au Rwanda.<\/p>\n<h2>Objectif<\/h2>\n<p>Le projet vise \u00e0 r\u00e9pondre au d\u00e9fi auquel sont confront\u00e9s les jeunes au Rwanda apr\u00e8s avoir termin\u00e9 leur \u00e9ducation, \u00e0 savoir les opportunit\u00e9s limit\u00e9es d&rsquo;int\u00e9gration sur le march\u00e9 du travail et la cr\u00e9ation de leurs propres entreprises.<\/p>\n<h2>Description<\/h2>\n<p>Pour r\u00e9soudre ces probl\u00e8mes, le gouvernement rwandais a cr\u00e9\u00e9 des centres de formation professionnelle et encourag\u00e9 la participation du secteur priv\u00e9 et de la soci\u00e9t\u00e9 civile pour doter ces jeunes de comp\u00e9tences professionnelles. En r\u00e9ponse, l&rsquo;id\u00e9e de cr\u00e9er une \u00e9cole professionnelle a \u00e9merg\u00e9. Le centre, g\u00e9r\u00e9 par les S\u0153urs Pallottines, fournira une formation professionnelle de six mois en menuiserie, soudure, couture, coiffure et m\u00e9canique automobile. La premi\u00e8re classe comprendra 30 apprentis dans chaque profession, soit un total de 180 jeunes. Sur cinq ans, le projet vise \u00e0 former 2100 dipl\u00f4m\u00e9s. De plus, le centre collaborera avec la Fondation Marek Kami\u0144ski pour mettre en \u0153uvre le programme Life Plan Academy, visant \u00e0 sensibiliser et \u00e0 d\u00e9velopper les comp\u00e9tences de d\u00e9finition d&rsquo;objectifs chez les jeunes. Le soutien financier du centre proviendra des contributions parentales (frais de scolarit\u00e9) et d&rsquo;activit\u00e9s g\u00e9n\u00e9ratrices de revenus \u00e0 long terme.<\/p>\n<h2>Dur\u00e9e<\/h2>\n<p>2023-2024 (six mois)[\/vc_column_text][vc_empty_space height=\u00a0\u00bb50px\u00a0\u00bb][vc_gallery type=\u00a0\u00bbimage_grid\u00a0\u00bb images=\u00a0\u00bb683,681,679,677&Prime; img_size=\u00a0\u00bb400&#215;260&Prime; column_number=\u00a0\u00bb4&Prime; grayscale=\u00a0\u00bbno\u00a0\u00bb images_space=\u00a0\u00bbgallery_with_space\u00a0\u00bb][\/vc_column][\/vc_row]<\/p>\n<\/div>","protected":false},"excerpt":{"rendered":"<p>[vc_row css_animation=\u00a0\u00bb\u00a0\u00bb row_type=\u00a0\u00bbrow\u00a0\u00bb use_row_as_full_screen_section=\u00a0\u00bbno\u00a0\u00bb type=\u00a0\u00bbfull_width\u00a0\u00bb angled_section=\u00a0\u00bbno\u00a0\u00bb text_align=\u00a0\u00bbleft\u00a0\u00bb background_image_as_pattern=\u00a0\u00bbwithout_pattern\u00a0\u00bb css=\u00a0\u00bb.vc_custom_1670844519773{padding-top: 50px !important;padding-bottom: 50px !important;}\u00a0\u00bb z_index=\u00a0\u00bb\u00a0\u00bb][vc_column][vc_column_text css=\u00a0\u00bb\u00a0\u00bb] B\u00e9n\u00e9ficiaire La Congr\u00e9gation des S\u0153urs Pallottines au Rwanda. Objectif Le projet vise \u00e0 r\u00e9pondre au d\u00e9fi auquel sont confront\u00e9s les jeunes au Rwanda apr\u00e8s avoir termin\u00e9 leur \u00e9ducation, \u00e0 savoir&#8230;<\/p>\n","protected":false},"author":1,"featured_media":678,"comment_status":"closed","ping_status":"open","sticky":false,"template":"","format":"standard","meta":{"footnotes":""},"categories":[6],"tags":[],"class_list":["post-701","post","type-post","status-publish","format-standard","has-post-thumbnail","hentry","category-projets"],"_links":{"self":[{"href":"https:\/\/fondation-amani.ch\/fr\/wp-json\/wp\/v2\/posts\/701","targetHints":{"allow":["GET"]}}],"collection":[{"href":"https:\/\/fondation-amani.ch\/fr\/wp-json\/wp\/v2\/posts"}],"about":[{"href":"https:\/\/fondation-amani.ch\/fr\/wp-json\/wp\/v2\/types\/post"}],"author":[{"embeddable":true,"href":"https:\/\/fondation-amani.ch\/fr\/wp-json\/wp\/v2\/users\/1"}],"replies":[{"embeddable":true,"href":"https:\/\/fondation-amani.ch\/fr\/wp-json\/wp\/v2\/comments?post=701"}],"version-history":[{"count":3,"href":"https:\/\/fondation-amani.ch\/fr\/wp-json\/wp\/v2\/posts\/701\/revisions"}],"predecessor-version":[{"id":765,"href":"https:\/\/fondation-amani.ch\/fr\/wp-json\/wp\/v2\/posts\/701\/revisions\/765"}],"wp:featuredmedia":[{"embeddable":true,"href":"https:\/\/fondation-amani.ch\/fr\/wp-json\/wp\/v2\/media\/678"}],"wp:attachment":[{"href":"https:\/\/fondation-amani.ch\/fr\/wp-json\/wp\/v2\/media?parent=701"}],"wp:term":[{"taxonomy":"category","embeddable":true,"href":"https:\/\/fondation-amani.ch\/fr\/wp-json\/wp\/v2\/categories?post=701"},{"taxonomy":"post_tag","embeddable":true,"href":"https:\/\/fondation-amani.ch\/fr\/wp-json\/wp\/v2\/tags?post=701"}],"curies":[{"name":"wp","href":"https:\/\/api.w.org\/{rel}","templated":true}]}}