{"id":835,"date":"2024-12-19T22:30:10","date_gmt":"2024-12-19T21:30:10","guid":{"rendered":"https:\/\/fondation-amani.ch\/prix-du-professeur-jacek-zulawski\/"},"modified":"2026-02-05T12:31:54","modified_gmt":"2026-02-05T11:31:54","slug":"le-prix-du-professeur-jacek-zulawski","status":"publish","type":"post","link":"https:\/\/fondation-amani.ch\/fr\/le-prix-du-professeur-jacek-zulawski\/","title":{"rendered":"Le prix du professeur Jacek \u017bu\u0142awski"},"content":{"rendered":"<div class=\"wpb-content-wrapper\"><p>[vc_row css_animation=\u00a0\u00bb\u00a0\u00bb row_type=\u00a0\u00bbrow\u00a0\u00bb use_row_as_full_screen_section=\u00a0\u00bbno\u00a0\u00bb type=\u00a0\u00bbfull_width\u00a0\u00bb angled_section=\u00a0\u00bbno\u00a0\u00bb text_align=\u00a0\u00bbleft\u00a0\u00bb background_image_as_pattern=\u00a0\u00bbwithout_pattern\u00a0\u00bb css=\u00a0\u00bb.vc_custom_1670844519773{padding-top: 50px !important;padding-bottom: 50px !important;}\u00a0\u00bb z_index=\u00a0\u00bb\u00a0\u00bb][vc_column][vc_row_inner row_type=\u00a0\u00bbrow\u00a0\u00bb type=\u00a0\u00bbfull_width\u00a0\u00bb text_align=\u00a0\u00bbleft\u00a0\u00bb css_animation=\u00a0\u00bb\u00a0\u00bb][vc_column_inner width=\u00a0\u00bb2\/3&Prime;][vc_column_text css=\u00a0\u00bb\u00a0\u00bb]<\/p>\n<h2>B\u00e9n\u00e9ficiaire<\/h2>\n<p>Le <a href=\"https:\/\/www.zbrojowniasztuki.pl\/wydarzenia\/sukcesy\/laureaci-nagrody-im-prof-jacka-zulawskiego-edycja-2024,6374\" target=\"_blank\" rel=\"noopener\">prix<\/a> est d\u00e9di\u00e9 aux \u00e9tudiants de la facult\u00e9 de peinture de <a href=\"https:\/\/en.asp.gda.pl\/\" target=\"_blank\" rel=\"noopener\">l&rsquo;Acad\u00e9mie des beaux-arts de Gda\u0144sk<\/a> en Pologne.<\/p>\n<h2>Objectif<\/h2>\n<p>Le <a href=\"https:\/\/www.zbrojowniasztuki.pl\/wydarzenia\/sukcesy\/laureaci-nagrody-im-prof-jacka-zulawskiego-edycja-2024,6374\" target=\"_blank\" rel=\"noopener\">prix<\/a> vise \u00e0 inspirer les jeunes artistes \u00e0 cr\u00e9er des \u0153uvres qui ne sont pas seulement visuellement convaincantes, mais qui r\u00e9sonnent \u00e9galement avec des messages sociaux significatifs.[\/vc_column_text][\/vc_column_inner][vc_column_inner width=\u00a0\u00bb1\/3&Prime;][vc_single_image image=\u00a0\u00bb777&Prime; img_size=\u00a0\u00bbfull\u00a0\u00bb alignment=\u00a0\u00bbcenter\u00a0\u00bb onclick=\u00a0\u00bbcustom_link\u00a0\u00bb img_link_target=\u00a0\u00bb_blank\u00a0\u00bb css=\u00a0\u00bb\u00a0\u00bb qode_css_animation=\u00a0\u00bb\u00a0\u00bb link=\u00a0\u00bbhttps:\/\/www.zbrojowniasztuki.pl\/wydarzenia\/sukcesy\/laureaci-nagrody-im-prof-jacka-zulawskiego-edycja-2024,6374&Prime;][\/vc_column_inner][\/vc_row_inner][vc_row_inner row_type=\u00a0\u00bbrow\u00a0\u00bb type=\u00a0\u00bbfull_width\u00a0\u00bb text_align=\u00a0\u00bbleft\u00a0\u00bb css_animation=\u00a0\u00bb\u00a0\u00bb][vc_column_inner][vc_column_text css=\u00a0\u00bb\u00a0\u00bb]<\/p>\n<h2>Description<\/h2>\n<p>La Fondation Amani, en collaboration avec <a href=\"https:\/\/en.asp.gda.pl\/\" target=\"_blank\" rel=\"noopener\">l&rsquo;Acad\u00e9mie des beaux-arts de Gda\u0144sk<\/a>, a cr\u00e9\u00e9 un <a href=\"https:\/\/www.zbrojowniasztuki.pl\/wydarzenia\/sukcesy\/laureaci-nagrody-im-prof-jacka-zulawskiego-edycja-2024,6374\" target=\"_blank\" rel=\"noopener\">prix<\/a> destin\u00e9 aux \u00e9tudiants du d\u00e9partement de peinture. Le professeur Jacek \u017bu\u0142awski a \u00e9t\u00e9 choisi comme parrain de ce <a href=\"https:\/\/www.zbrojowniasztuki.pl\/wydarzenia\/sukcesy\/laureaci-nagrody-im-prof-jacka-zulawskiego-edycja-2024,6374\" target=\"_blank\" rel=\"noopener\">prix<\/a>. Le prix pour les trois laur\u00e9ats s\u00e9lectionn\u00e9s comprend un voyage d\u2019\u00e9tude inspirant, au cours duquel les \u00e9tudiants peuvent d\u00e9couvrir in situ de remarquables exemples de peinture et de sculpture, ainsi que participer \u00e0 des ateliers anim\u00e9s par des experts reconnus: le professeur <a href=\"https:\/\/www.swieszewski.com\/\" target=\"_blank\" rel=\"noopener\">Maciej \u015awieszewski<\/a> et le r\u00e9v\u00e9rend docteur <a href=\"https:\/\/pl.wikipedia.org\/wiki\/Krzysztof_Nieda%C5%82towski\" target=\"_blank\" rel=\"noopener\">Krzysztof Nieda\u0142towski<\/a>.[\/vc_column_text][vc_empty_space height=\u00a0\u00bb25px\u00a0\u00bb][\/vc_column_inner][\/vc_row_inner][vc_row_inner row_type=\u00a0\u00bbrow\u00a0\u00bb type=\u00a0\u00bbfull_width\u00a0\u00bb text_align=\u00a0\u00bbleft\u00a0\u00bb css_animation=\u00a0\u00bb\u00a0\u00bb][vc_column_inner][vc_separator type=\u00a0\u00bbnormal\u00a0\u00bb color=\u00a0\u00bb#E07D24&Prime; thickness=\u00a0\u00bb2&Prime;][vc_empty_space height=\u00a0\u00bb25px\u00a0\u00bb][\/vc_column_inner][\/vc_row_inner][vc_row_inner row_type=\u00a0\u00bbrow\u00a0\u00bb type=\u00a0\u00bbfull_width\u00a0\u00bb text_align=\u00a0\u00bbleft\u00a0\u00bb css_animation=\u00a0\u00bb\u00a0\u00bb][vc_column_inner][vc_column_text css=\u00a0\u00bb\u00a0\u00bb]<\/p>\n<h2>Les laur\u00e9ats du prix 2025:<\/h2>\n<p>Karolina Gazda<br \/>\nOliwia Choro\u015b<br \/>\nJan Kalman[\/vc_column_text][vc_empty_space height=\u00a0\u00bb25px\u00a0\u00bb][vc_column_text css=\u00a0\u00bb\u00a0\u00bb]<\/p>\n<h2>Galerie des 2024 laur\u00e9ats:<\/h2>\n<p>[\/vc_column_text][vc_empty_space height=\u00a0\u00bb25px\u00a0\u00bb][vc_column_text css=\u00a0\u00bb\u00a0\u00bb]<\/p>\n<h3 style=\"color: #0099a5;\"><strong>Karolina Gazda<\/strong><\/h3>\n<p>[\/vc_column_text][vc_empty_space height=\u00a0\u00bb10px\u00a0\u00bb][vc_gallery type=\u00a0\u00bbimage_grid\u00a0\u00bb images=\u00a0\u00bb902,904,906,908,910,912&Prime; img_size=\u00a0\u00bb400&#215;260&Prime; css=\u00a0\u00bb\u00a0\u00bb column_number=\u00a0\u00bb4&Prime; grayscale=\u00a0\u00bbno\u00a0\u00bb images_space=\u00a0\u00bbgallery_with_space\u00a0\u00bb][vc_empty_space height=\u00a0\u00bb25px\u00a0\u00bb][vc_column_text css=\u00a0\u00bb\u00a0\u00bb]<\/p>\n<h3 style=\"color: #0099a5;\"><strong>Oliwia Choro\u015b<\/strong><\/h3>\n<p>[\/vc_column_text][vc_empty_space height=\u00a0\u00bb10px\u00a0\u00bb][vc_gallery type=\u00a0\u00bbimage_grid\u00a0\u00bb images=\u00a0\u00bb914,916,918,920,922,924,926&Prime; img_size=\u00a0\u00bb400&#215;260&Prime; css=\u00a0\u00bb\u00a0\u00bb column_number=\u00a0\u00bb4&Prime; grayscale=\u00a0\u00bbno\u00a0\u00bb images_space=\u00a0\u00bbgallery_with_space\u00a0\u00bb][vc_empty_space height=\u00a0\u00bb25px\u00a0\u00bb][vc_column_text css=\u00a0\u00bb\u00a0\u00bb]<\/p>\n<h3 style=\"color: #0099a5;\"><strong>Jan Kalman<\/strong><\/h3>\n<p>[\/vc_column_text][vc_empty_space height=\u00a0\u00bb10px\u00a0\u00bb][vc_gallery type=\u00a0\u00bbimage_grid\u00a0\u00bb images=\u00a0\u00bb928,930,932,934,936,938&Prime; img_size=\u00a0\u00bb400&#215;260&Prime; css=\u00a0\u00bb\u00a0\u00bb column_number=\u00a0\u00bb4&Prime; grayscale=\u00a0\u00bbno\u00a0\u00bb images_space=\u00a0\u00bbgallery_with_space\u00a0\u00bb][vc_empty_space height=\u00a0\u00bb50px\u00a0\u00bb][vc_column_text css=\u00a0\u00bb\u00a0\u00bb]<\/p>\n<h2>Galerie \u2013 s\u00e9jour \u00e0 Rome<\/h2>\n<p>[\/vc_column_text][vc_empty_space height=\u00a0\u00bb25px\u00a0\u00bb][vc_gallery type=\u00a0\u00bbimage_grid\u00a0\u00bb images=\u00a0\u00bb959,961,963,957,965,967,969,971,973,975,977&Prime; img_size=\u00a0\u00bb400&#215;260&Prime; css=\u00a0\u00bb\u00a0\u00bb column_number=\u00a0\u00bb4&Prime; grayscale=\u00a0\u00bbno\u00a0\u00bb images_space=\u00a0\u00bbgallery_with_space\u00a0\u00bb][\/vc_column_inner][\/vc_row_inner][vc_row_inner row_type=\u00a0\u00bbrow\u00a0\u00bb type=\u00a0\u00bbfull_width\u00a0\u00bb text_align=\u00a0\u00bbleft\u00a0\u00bb css_animation=\u00a0\u00bb\u00a0\u00bb][vc_column_inner][vc_separator type=\u00a0\u00bbnormal\u00a0\u00bb color=\u00a0\u00bb#E07D24&Prime; thickness=\u00a0\u00bb2&Prime;][\/vc_column_inner][\/vc_row_inner][vc_empty_space height=\u00a0\u00bb25px\u00a0\u00bb][vc_row_inner row_type=\u00a0\u00bbrow\u00a0\u00bb type=\u00a0\u00bbfull_width\u00a0\u00bb text_align=\u00a0\u00bbleft\u00a0\u00bb css_animation=\u00a0\u00bb\u00a0\u00bb][vc_column_inner][vc_column_text css=\u00a0\u00bb\u00a0\u00bb]<\/p>\n<h2>Les laur\u00e9ats du prix 2024:<\/h2>\n<p>Julia Marchlewska<br \/>\nGabriela Michalczuk<br \/>\nJakub Wypch\u0142o[\/vc_column_text][vc_empty_space height=\u00a0\u00bb25px\u00a0\u00bb][vc_column_text css=\u00a0\u00bb\u00a0\u00bb]<\/p>\n<h2>Galerie des 2024 laur\u00e9ats:<\/h2>\n<p>[\/vc_column_text][vc_empty_space height=\u00a0\u00bb25px\u00a0\u00bb][vc_column_text css=\u00a0\u00bb\u00a0\u00bb]<\/p>\n<h3 style=\"color: #0099a5;\"><strong>Julia Marchlewska<\/strong><\/h3>\n<p>[\/vc_column_text][vc_empty_space height=\u00a0\u00bb10px\u00a0\u00bb][vc_gallery type=\u00a0\u00bbimage_grid\u00a0\u00bb images=\u00a0\u00bb790,792,794,796,798,800&Prime; img_size=\u00a0\u00bb400&#215;260&Prime; css=\u00a0\u00bb\u00a0\u00bb column_number=\u00a0\u00bb4&Prime; grayscale=\u00a0\u00bbno\u00a0\u00bb images_space=\u00a0\u00bbgallery_with_space\u00a0\u00bb][vc_empty_space height=\u00a0\u00bb25px\u00a0\u00bb][vc_column_text css=\u00a0\u00bb\u00a0\u00bb]<\/p>\n<h3 style=\"color: #0099a5;\"><strong>Gabriela Michalczuk<\/strong><\/h3>\n<p>[\/vc_column_text][vc_empty_space height=\u00a0\u00bb10px\u00a0\u00bb][vc_gallery type=\u00a0\u00bbimage_grid\u00a0\u00bb images=\u00a0\u00bb802,804,806,808&Prime; img_size=\u00a0\u00bb400&#215;260&Prime; css=\u00a0\u00bb\u00a0\u00bb column_number=\u00a0\u00bb4&Prime; grayscale=\u00a0\u00bbno\u00a0\u00bb images_space=\u00a0\u00bbgallery_with_space\u00a0\u00bb][vc_empty_space height=\u00a0\u00bb25px\u00a0\u00bb][vc_column_text css=\u00a0\u00bb\u00a0\u00bb]<\/p>\n<h3 style=\"color: #0099a5;\"><strong>Jakub Wypch\u0142o<\/strong><\/h3>\n<p>[\/vc_column_text][vc_empty_space height=\u00a0\u00bb10px\u00a0\u00bb][vc_gallery type=\u00a0\u00bbimage_grid\u00a0\u00bb images=\u00a0\u00bb810,812,814&Prime; img_size=\u00a0\u00bb400&#215;260&Prime; css=\u00a0\u00bb\u00a0\u00bb column_number=\u00a0\u00bb4&Prime; grayscale=\u00a0\u00bbno\u00a0\u00bb images_space=\u00a0\u00bbgallery_with_space\u00a0\u00bb][vc_empty_space height=\u00a0\u00bb50px\u00a0\u00bb][vc_column_text css=\u00a0\u00bb\u00a0\u00bb]<\/p>\n<h2>Galerie &#8211; s\u00e9jour \u00e0 Venise<\/h2>\n<p>[\/vc_column_text][vc_empty_space height=\u00a0\u00bb25px\u00a0\u00bb][vc_gallery type=\u00a0\u00bbimage_grid\u00a0\u00bb images=\u00a0\u00bb820,816,822,824,826,828,830,832,818&Prime; img_size=\u00a0\u00bb400&#215;260&Prime; css=\u00a0\u00bb\u00a0\u00bb column_number=\u00a0\u00bb4&Prime; grayscale=\u00a0\u00bbno\u00a0\u00bb images_space=\u00a0\u00bbgallery_with_space\u00a0\u00bb][\/vc_column_inner][\/vc_row_inner][\/vc_column][\/vc_row]<\/p>\n<\/div>","protected":false},"excerpt":{"rendered":"<p>[vc_row css_animation=\u00a0\u00bb\u00a0\u00bb row_type=\u00a0\u00bbrow\u00a0\u00bb use_row_as_full_screen_section=\u00a0\u00bbno\u00a0\u00bb type=\u00a0\u00bbfull_width\u00a0\u00bb angled_section=\u00a0\u00bbno\u00a0\u00bb text_align=\u00a0\u00bbleft\u00a0\u00bb background_image_as_pattern=\u00a0\u00bbwithout_pattern\u00a0\u00bb css=\u00a0\u00bb.vc_custom_1670844519773{padding-top: 50px !important;padding-bottom: 50px !important;}\u00a0\u00bb z_index=\u00a0\u00bb\u00a0\u00bb][vc_column][vc_row_inner row_type=\u00a0\u00bbrow\u00a0\u00bb type=\u00a0\u00bbfull_width\u00a0\u00bb text_align=\u00a0\u00bbleft\u00a0\u00bb css_animation=\u00a0\u00bb\u00a0\u00bb][vc_column_inner width=\u00a0\u00bb2\/3&Prime;][vc_column_text css=\u00a0\u00bb\u00a0\u00bb] B\u00e9n\u00e9ficiaire Le prix est d\u00e9di\u00e9 aux \u00e9tudiants de la facult\u00e9 de peinture de l&rsquo;Acad\u00e9mie des beaux-arts de Gda\u0144sk en Pologne. Objectif Le prix vise \u00e0&#8230;<\/p>\n","protected":false},"author":1,"featured_media":823,"comment_status":"closed","ping_status":"open","sticky":false,"template":"","format":"standard","meta":{"footnotes":""},"categories":[6],"tags":[],"class_list":["post-835","post","type-post","status-publish","format-standard","has-post-thumbnail","hentry","category-projets"],"_links":{"self":[{"href":"https:\/\/fondation-amani.ch\/fr\/wp-json\/wp\/v2\/posts\/835","targetHints":{"allow":["GET"]}}],"collection":[{"href":"https:\/\/fondation-amani.ch\/fr\/wp-json\/wp\/v2\/posts"}],"about":[{"href":"https:\/\/fondation-amani.ch\/fr\/wp-json\/wp\/v2\/types\/post"}],"author":[{"embeddable":true,"href":"https:\/\/fondation-amani.ch\/fr\/wp-json\/wp\/v2\/users\/1"}],"replies":[{"embeddable":true,"href":"https:\/\/fondation-amani.ch\/fr\/wp-json\/wp\/v2\/comments?post=835"}],"version-history":[{"count":15,"href":"https:\/\/fondation-amani.ch\/fr\/wp-json\/wp\/v2\/posts\/835\/revisions"}],"predecessor-version":[{"id":999,"href":"https:\/\/fondation-amani.ch\/fr\/wp-json\/wp\/v2\/posts\/835\/revisions\/999"}],"wp:featuredmedia":[{"embeddable":true,"href":"https:\/\/fondation-amani.ch\/fr\/wp-json\/wp\/v2\/media\/823"}],"wp:attachment":[{"href":"https:\/\/fondation-amani.ch\/fr\/wp-json\/wp\/v2\/media?parent=835"}],"wp:term":[{"taxonomy":"category","embeddable":true,"href":"https:\/\/fondation-amani.ch\/fr\/wp-json\/wp\/v2\/categories?post=835"},{"taxonomy":"post_tag","embeddable":true,"href":"https:\/\/fondation-amani.ch\/fr\/wp-json\/wp\/v2\/tags?post=835"}],"curies":[{"name":"wp","href":"https:\/\/api.w.org\/{rel}","templated":true}]}}